{"id":139,"date":"2023-10-27T11:21:12","date_gmt":"2023-10-27T11:21:12","guid":{"rendered":"https:\/\/ultra-boys.org\/?p=139"},"modified":"2023-10-27T11:21:38","modified_gmt":"2023-10-27T11:21:38","slug":"solidaritaet-mit-unseren-freundinnen-in-israel","status":"publish","type":"post","link":"https:\/\/ultra-boys.org\/aktuelles\/solidaritaet-mit-unseren-freundinnen-in-israel\/","title":{"rendered":"Solidarit\u00e4t mit unseren Freund:innen in Israel"},"content":{"rendered":"\n<p>Hallo Werderfans, Ultras und alle weiteren Interessierten,<\/p>\n\n\n\n<p>wir sind ein Zusammenschluss aus der Fanszene von Werder Bremen und m\u00f6chten uns mit folgendem Anliegen an euch wenden:<\/p>\n\n\n\n<p>Selbst wenn die Ereignisse in Israel f\u00fcr viele Menschen in Bremen und Deutschland vermeintlich weit entfernt scheinen, sp\u00fcren wir die Auswirkungen des Terrors und Kriegs auch hier in aller Deutlichkeit. Viele von uns haben Verbindungen nach Israel, die \u00fcber die gemeinsame Leidenschaft f\u00fcr den Fu\u00dfball entstanden sind und pflegen enge Freundschaften nach Jerusalem und Haifa. Auch deshalb ist es uns ein Anliegen, den Menschen vor Ort unsere Solidarit\u00e4t und vor allem direkte Hilfe zukommen zu lassen. Den aktuellen Spendenstand findet ihr hier: <br><br><\/p>\n\n\n\n<div class=\"gfm-embed\" data-url=\"https:\/\/www.gofundme.com\/f\/solidaritat-mit-unseren-freundinnen-in-israel\/widget\/large\"><\/div>\n            <script defer src=\"https:\/\/www.gofundme.com\/static\/js\/embed.js\"><\/script>\n\n\n\n<p>Viele Familien haben ihnen nahestehende Menschen verloren, viele weitere wurden entf\u00fchrt. Unz\u00e4hlige Menschen wurden verletzt, evakuiert und traumatisiert. Nichts ist mehr so, wie es vor dem 7. Oktober war, als der terroristische Angriff durch die Hamas und den Islamischen Djihad begann. Und diese Angriffe halten durch permanenten Raketenbeschuss an.<\/p>\n\n\n\n<p>Wir m\u00f6chten unsere Freund*innen in Israel und ihre Familien unterst\u00fctzen und rufen deshalb zum Spenden auf!<\/p>\n\n\n\n<p>Folgend m\u00f6chten wir euch exemplarisch von drei unserer Freund*innen aus Israel und deren Schicksalen berichten, die wir u.a. unterst\u00fctzen m\u00f6chten:<\/p>\n\n\n\n<p>Unser Freund Hersh ist Fan von Hapoel Jerusalem und wurde von der Hamas in den Gazastreifen verschleppt, er ben\u00f6tigt dringend medizinische Hilfe. Hersh war Besucher des Supernova Festivals in der N\u00e4he des Gazastreifens und wurde dort von den terroristischen Angriffen \u00fcberrascht, durch eine Granate schwer verwundet und entf\u00fchrt.<\/p>\n\n\n\n<p>Weitere Infos:<\/p>\n\n\n\n<figure class=\"wp-block-embed\"><div class=\"wp-block-embed__wrapper\">\nhttps:\/\/www.timesofisrael.com\/rachel-goldberg-talks-about-her-son-hersh-and-the-turning-points-of-the-last-13-days\/\n<\/div><\/figure>\n\n\n\n<p>Teile der Familie unseres Freundes Neria, der ebenfalls Anh\u00e4nger von Hapoel Jerusalem ist, werden vermisst und wurden vermutlich ebenfalls von der Hamas in den Gazastreifen verschleppt. Seine Tante und sein Onkel geh\u00f6ren zu den vielen Opfern der Massaker in den Kibbutzim im S\u00fcden Israels, wie sich traurigerweise herausgestellt hat.<\/p>\n\n\n\n<p>Weitere Infos:<\/p>\n\n\n\n<figure class=\"wp-block-embed\"><div class=\"wp-block-embed__wrapper\">\nhttps:\/\/www.theguardian.com\/world\/2023\/oct\/11\/israeli-man-waits-for-news-of-10-relatives-caught-in-beeri-kibbutz-attack\n<\/div><\/figure>\n\n\n\n<p>Unsere Freundin Inbar ist Fan von Maccabi Haifa und war auch auf dem Supernova Festival in der N\u00e4he des Gazastreifens. Sie wurde ebenfalls von der Hamas in den Gazastreifen verschleppt.<\/p>\n\n\n\n<p>Weitere Infos:<\/p>\n\n\n\n<figure class=\"wp-block-embed\"><div class=\"wp-block-embed__wrapper\">\nhttps:\/\/themessenger.com\/news\/landlord-of-israeli-hostage-taken-from-rave-tells-roommate-to-find-replacement-and-come-up-with-the-rent-report\n<\/div><\/figure>\n\n\n\n<p>Inbars Freund, Noam, f\u00fchrte ein Interview mit dem Journalisten Felix Tamsut von Deutsche Welle, in welchem er auch \u00fcber die Verbindung nach Bremen sprach:<\/p>\n\n\n\n<figure class=\"wp-block-embed\"><div class=\"wp-block-embed__wrapper\">\nhttps:\/\/www.dw.com\/en\/israel-at-war-i-just-want-her-back\/a-67080654\n<\/div><\/figure>\n\n\n\n<p>Wir zeigen uns solidarisch und m\u00f6chten all unsere Freund*innen und ihre Familien bestm\u00f6glich dabei unterst\u00fctzen, diese schwere Zeit zu \u00fcberstehen. Bitte helft uns dabei: Teilt die Kampagne, sprecht mit m\u00f6glichst vielen dar\u00fcber, spendet und helft damit den Menschen vor Ort.<\/p>\n\n\n\n<p>Die gespendeten Gelder werden an Initiativen und Organisationen weitergeleitet, die in Verbindung zu den Fans von Maccabi Haifa und Hapoel Jerusalem stehen und sich der Unterst\u00fctzung der Menschen in Not widmen.<\/p>\n\n\n\n<p>Auch der SV Werder Bremen hat schon zur Hilfe aufgerufen:&nbsp;<a href=\"https:\/\/www.juedische-allgemeine.de\/israel\/terror-in-israel-werder-ruft-zu-hilfe-fuer-vermissten-fan-auf\" target=\"_blank\" rel=\"noreferrer noopener\"><\/a><a href=\"https:\/\/www.juedische-allgemeine.de\/israel\/terror-in-israel-werder-ruft-zu-hilfe-fuer-vermissten-fan-auf\/\" target=\"_blank\" class=\"\" rel=\"noreferrer noopener\">https:\/\/www.juedische-allgemeine.de\/israel\/terror-in-israel-werder-ruft-zu-hilfe-fuer-vermissten-fan-auf\/<\/a><\/p>\n\n\n\n<p>Bitte unterzeichnet auch folgenden Aufruf:<\/p>\n\n\n\n<figure class=\"wp-block-embed\"><div class=\"wp-block-embed__wrapper\">\nhttps:\/\/weact.campact.de\/petitions\/bundesregierung-als-vermittler-israelische-geiseln-retten\n<\/div><\/figure>\n\n\n\n<p>Wir danken euch von Herzen f\u00fcr jeden gespendeten Beitrag und eure Unterst\u00fctzung!<br><br><\/p>\n","protected":false},"excerpt":{"rendered":"<p>Hallo Werderfans, Ultras und alle weiteren Interessierten, wir sind ein Zusammenschluss aus der Fanszene von Werder Bremen und m\u00f6chten uns mit folgendem Anliegen an euch wenden: Selbst wenn die Ereignisse in Israel f\u00fcr viele Menschen in Bremen und Deutschland vermeintlich weit entfernt scheinen, sp\u00fcren wir die Auswirkungen des Terrors und Kriegs auch hier in aller &hellip; <a href=\"https:\/\/ultra-boys.org\/aktuelles\/solidaritaet-mit-unseren-freundinnen-in-israel\/\" class=\"more-link\"><span class=\"screen-reader-text\">\u201eSolidarit\u00e4t mit unseren Freund:innen in Israel\u201c <\/span>weiterlesen<\/a><\/p>\n","protected":false},"author":1,"featured_media":0,"comment_status":"closed","ping_status":"closed","sticky":false,"template":"","format":"standard","meta":{"footnotes":""},"categories":[13],"tags":[11,12],"class_list":["post-139","post","type-post","status-publish","format-standard","hentry","category-solidaritaet","tag-israel","tag-spenden"],"_links":{"self":[{"href":"https:\/\/ultra-boys.org\/aktuelles\/wp-json\/wp\/v2\/posts\/139","targetHints":{"allow":["GET"]}}],"collection":[{"href":"https:\/\/ultra-boys.org\/aktuelles\/wp-json\/wp\/v2\/posts"}],"about":[{"href":"https:\/\/ultra-boys.org\/aktuelles\/wp-json\/wp\/v2\/types\/post"}],"author":[{"embeddable":true,"href":"https:\/\/ultra-boys.org\/aktuelles\/wp-json\/wp\/v2\/users\/1"}],"replies":[{"embeddable":true,"href":"https:\/\/ultra-boys.org\/aktuelles\/wp-json\/wp\/v2\/comments?post=139"}],"version-history":[{"count":1,"href":"https:\/\/ultra-boys.org\/aktuelles\/wp-json\/wp\/v2\/posts\/139\/revisions"}],"predecessor-version":[{"id":140,"href":"https:\/\/ultra-boys.org\/aktuelles\/wp-json\/wp\/v2\/posts\/139\/revisions\/140"}],"wp:attachment":[{"href":"https:\/\/ultra-boys.org\/aktuelles\/wp-json\/wp\/v2\/media?parent=139"}],"wp:term":[{"taxonomy":"category","embeddable":true,"href":"https:\/\/ultra-boys.org\/aktuelles\/wp-json\/wp\/v2\/categories?post=139"},{"taxonomy":"post_tag","embeddable":true,"href":"https:\/\/ultra-boys.org\/aktuelles\/wp-json\/wp\/v2\/tags?post=139"}],"curies":[{"name":"wp","href":"https:\/\/api.w.org\/{rel}","templated":true}]}}